{"id":3449,"date":"2025-08-23T09:00:00","date_gmt":"2025-08-23T12:00:00","guid":{"rendered":"https:\/\/estudoverso.com.br\/blog\/?p=3449"},"modified":"2026-03-05T01:40:35","modified_gmt":"2026-03-05T04:40:35","slug":"o-declinio-do-qi","status":"publish","type":"post","link":"https:\/\/estudoverso.com.br\/blog\/o-declinio-do-qi\/","title":{"rendered":"O Decl\u00ednio do QI: Ser\u00e1 Que a Gera\u00e7\u00e3o Atual \u00c9 Menos Inteligente?"},"content":{"rendered":"\n<p><img decoding=\"async\" src=\"https:\/\/storage.googleapis.com\/workspace-0f70711f-8b4e-4d94-86f1-2a93ccde5887\/image\/d2b1b59b-dd9d-4640-99aa-5e0b7fd20065.png\" alt=\"Gr\u00e1fico mostrando a evolu\u00e7\u00e3o do QI ao longo das gera\u00e7\u00f5es com linhas descendentes, representando dados cient\u00edficos sobre intelig\u00eancia populacional\"><\/p>\n\n\n\n<p>Uma an\u00e1lise cient\u00edfica sobre a controversa quest\u00e3o do decl\u00ednio do <a href=\"https:\/\/pt.wikipedia.org\/wiki\/Quociente_de_intelig%C3%AAncia\" target=\"_blank\" rel=\"noreferrer noopener\">QI<\/a> nas gera\u00e7\u00f5es recentes<\/p>\n\n\n\n<p>\ud83d\udcc5 Publicado em 2025\u23f1\ufe0f Tempo de leitura: 12 min\ud83d\udd2c Baseado em evid\u00eancias cient\u00edficas<\/p>\n\n\n\n<div class=\"wp-block-rank-math-toc-block\" id=\"rank-math-toc\"><h2>O que voc\u00ea ver\u00e1 nesse post<\/h2><nav><ul><li><a href=\"#introducao-um-fenomeno-preocupante\">Introdu\u00e7\u00e3o: Um Fen\u00f4meno Preocupante<\/a><\/li><li><a href=\"#evidencias-cientificas-do-declinio\">Evid\u00eancias Cient\u00edficas do Decl\u00ednio<\/a><ul><li><a href=\"#estudos-internacionais-reveladores\">Estudos Internacionais Reveladores<\/a><\/li><li><a href=\"#dados-globais-preocupantes\">Dados Globais Preocupantes<\/a><\/li><li><a href=\"#tipos-de-habilidades-afetadas\">Tipos de Habilidades Afetadas<\/a><\/li><\/ul><\/li><li><a href=\"#possiveis-causas-do-declinio\">Poss\u00edveis Causas do Decl\u00ednio<\/a><ul><li><a href=\"#1-mudancas-no-sistema-educacional\">1. Mudan\u00e7as no Sistema Educacional<\/a><\/li><li><a href=\"#2-impacto-da-tecnologia-digital\">2. Impacto da Tecnologia Digital<\/a><\/li><li><a href=\"#3-fatores-ambientais-e-de-saude\">3. Fatores Ambientais e de Sa\u00fade<\/a><\/li><li><a href=\"#4-mudancas-demograficas\">4. Mudan\u00e7as Demogr\u00e1ficas<\/a><\/li><li><a href=\"#5-efeitos-da-migracao-e-miscigenacao\">5. Efeitos da Migra\u00e7\u00e3o e Miscigena\u00e7\u00e3o<\/a><\/li><\/ul><\/li><li><a href=\"#impactos-na-sociedade-contemporanea\">Impactos na Sociedade Contempor\u00e2nea<\/a><ul><li><a href=\"#consequencias-economicas\">Consequ\u00eancias Econ\u00f4micas<\/a><\/li><li><a href=\"#implicacoes-politicas-e-sociais\">Implica\u00e7\u00f5es Pol\u00edticas e Sociais<\/a><\/li><li><a href=\"#sistema-educacional-em-crise\">Sistema Educacional em Crise<\/a><\/li><li><a href=\"#saude-publica-e-seguranca\">Sa\u00fade P\u00fablica e Seguran\u00e7a<\/a><\/li><\/ul><\/li><li><a href=\"#contrapontos-e-criticas-a-teoria-do-declinio\">Contrapontos e Cr\u00edticas \u00e0 Teoria do Decl\u00ednio<\/a><ul><li><a href=\"#limitacoes-dos-testes-de-qi\">Limita\u00e7\u00f5es dos Testes de QI<\/a><\/li><li><a href=\"#evolucao-das-habilidades-cognitivas\">Evolu\u00e7\u00e3o das Habilidades Cognitivas<\/a><\/li><li><a href=\"#fatores-metodologicos\">Fatores Metodol\u00f3gicos<\/a><\/li><li><a href=\"#evidencias-contraditorias\">Evid\u00eancias Contradit\u00f3rias<\/a><\/li><\/ul><\/li><li><a href=\"#possiveis-solucoes-e-perspectivas-futuras\">Poss\u00edveis Solu\u00e7\u00f5es e Perspectivas Futuras<\/a><ul><li><a href=\"#reforma-educacional\">Reforma Educacional<\/a><\/li><li><a href=\"#uso-consciente-da-tecnologia\">Uso Consciente da Tecnologia<\/a><\/li><li><a href=\"#intervencoes-de-saude-publica\">Interven\u00e7\u00f5es de Sa\u00fade P\u00fablica<\/a><\/li><li><a href=\"#pesquisa-continuada\">Pesquisa Continuada<\/a><\/li><\/ul><\/li><li><a href=\"#conclusao-um-chamado-a-acao\">Conclus\u00e3o: Um Chamado \u00e0 A\u00e7\u00e3o<\/a><\/li><li><a href=\"#referencias-e-leituras-adicionais\">Refer\u00eancias e Leituras Adicionais<\/a><ul><li><a href=\"#continue-a-discussao\">Continue a Discuss\u00e3o<\/a><\/li><\/ul><\/li><\/ul><\/nav><\/div>\n\n\n\n<h2 class=\"wp-block-heading\" id=\"introducao-um-fenomeno-preocupante\">Introdu\u00e7\u00e3o: Um Fen\u00f4meno Preocupante<\/h2>\n\n\n\n<p>Nos \u00faltimos anos, estudos cient\u00edficos t\u00eam revelado uma tend\u00eancia alarmante: o QI m\u00e9dio da popula\u00e7\u00e3o mundial parece estar diminuindo. Este fen\u00f4meno, conhecido como &#8220;Efeito Flynn Reverso&#8221;, contradiz d\u00e9cadas de crescimento cont\u00ednuo da intelig\u00eancia humana medida por testes padronizados.<\/p>\n\n\n\n<p>Durante grande parte do s\u00e9culo XX, testemunhamos o que os pesquisadores chamaram de &#8220;Efeito Flynn&#8221; &#8211; um aumento constante nos escores de QI de aproximadamente 3 pontos por d\u00e9cada. Nomeado em homenagem ao psic\u00f3logo James Flynn, este fen\u00f4meno sugeria que cada nova gera\u00e7\u00e3o era mais inteligente que a anterior. No entanto, estudos recentes indicam que essa tend\u00eancia n\u00e3o apenas parou, mas pode ter se revertido.<\/p>\n\n\n\n<p>A quest\u00e3o do decl\u00ednio do QI geracional n\u00e3o \u00e9 apenas uma curiosidade acad\u00eamica. Ela tem implica\u00e7\u00f5es profundas para nossa sociedade, economia e futuro coletivo. Se verdadeira, essa tend\u00eancia pode afetar tudo, desde a capacidade de inova\u00e7\u00e3o tecnol\u00f3gica at\u00e9 a tomada de decis\u00f5es pol\u00edticas e sociais. Neste artigo abrangente, examinaremos as evid\u00eancias cient\u00edficas, exploraremos as poss\u00edveis causas e discutiremos as implica\u00e7\u00f5es deste fen\u00f4meno controverso.<\/p>\n\n\n\n<h2 class=\"wp-block-heading\" id=\"evidencias-cientificas-do-declinio\">Evid\u00eancias Cient\u00edficas do Decl\u00ednio<\/h2>\n\n\n\n<h3 class=\"wp-block-heading\" id=\"estudos-internacionais-reveladores\">Estudos Internacionais Reveladores<\/h3>\n\n\n\n<p>Pesquisas conduzidas em diversos pa\u00edses desenvolvidos t\u00eam documentado consistentemente uma diminui\u00e7\u00e3o nos escores de QI desde os anos 1990. O estudo mais citado, publicado na revista &#8220;Intelligence&#8221; em 2018, analisou dados de mais de 730.000 homens noruegueses nascidos entre 1962 e 1991, revelando um decl\u00ednio de aproximadamente 7 pontos de QI por gera\u00e7\u00e3o.<img decoding=\"async\" src=\"https:\/\/storage.googleapis.com\/workspace-0f70711f-8b4e-4d94-86f1-2a93ccde5887\/image\/5495352c-2cba-4463-bea3-677f5f94dad8.png\" alt=\"Laborat\u00f3rio de pesquisa em psicologia cognitiva com cientistas analisando dados de testes de QI em computadores e gr\u00e1ficos estat\u00edsticos\"><\/p>\n\n\n\n<h3 class=\"wp-block-heading\" id=\"dados-globais-preocupantes\">Dados Globais Preocupantes<\/h3>\n\n\n\n<p>O fen\u00f4meno n\u00e3o se limita \u00e0 Noruega. Estudos similares em pa\u00edses como Fran\u00e7a, Dinamarca, Reino Unido, Finl\u00e2ndia e Holanda confirmaram tend\u00eancias semelhantes. Na Fran\u00e7a, por exemplo, pesquisadores observaram uma queda m\u00e9dia de 3,8 pontos de QI por d\u00e9cada desde os anos 1990. No Reino Unido, dados coletados entre 1980 e 2008 mostraram decl\u00ednios particularmente acentuados em habilidades num\u00e9ricas e espaciais.<\/p>\n\n\n\n<figure class=\"wp-block-table\"><table class=\"has-fixed-layout\"><thead><tr><th>Pa\u00eds<\/th><th>Per\u00edodo do Estudo<\/th><th>Decl\u00ednio por D\u00e9cada<\/th><th>Tamanho da Amostra<\/th><\/tr><\/thead><tbody><tr><td>Noruega<\/td><td>1962-1991<\/td><td>-7 pontos\/gera\u00e7\u00e3o<\/td><td>730.000<\/td><\/tr><tr><td>Fran\u00e7a<\/td><td>1990-2009<\/td><td>-3,8 pontos\/d\u00e9cada<\/td><td>4.000<\/td><\/tr><tr><td>Dinamarca<\/td><td>1959-2004<\/td><td>-1,5 pontos\/d\u00e9cada<\/td><td>31.000<\/td><\/tr><tr><td>Reino Unido<\/td><td>1980-2008<\/td><td>-2,5 pontos\/d\u00e9cada<\/td><td>14.000<\/td><\/tr><\/tbody><\/table><\/figure>\n\n\n\n<p>\u00c9 importante notar que esses decl\u00ednios s\u00e3o estatisticamente significativos e persistentes ao longo de m\u00faltiplas coortes de nascimento, sugerindo que n\u00e3o se trata de uma flutua\u00e7\u00e3o tempor\u00e1ria, mas de uma tend\u00eancia estabelecida.<\/p>\n\n\n\n<h3 class=\"wp-block-heading\" id=\"tipos-de-habilidades-afetadas\">Tipos de Habilidades Afetadas<\/h3>\n\n\n\n<p>As pesquisas indicam que o decl\u00ednio n\u00e3o \u00e9 uniforme em todas as habilidades cognitivas. Diferentes estudos mostram padr\u00f5es variados:<\/p>\n\n\n\n<ul class=\"wp-block-list\">\n<li><strong>Racioc\u00ednio L\u00f3gico:<\/strong> Decl\u00ednios mais acentuados em tarefas que exigem pensamento abstrato e resolu\u00e7\u00e3o de problemas complexos<\/li>\n\n\n\n<li><strong>Habilidades Num\u00e9ricas:<\/strong> Redu\u00e7\u00e3o na capacidade de realizar c\u00e1lculos mentais e compreender conceitos matem\u00e1ticos<\/li>\n\n\n\n<li><strong>Vocabul\u00e1rio:<\/strong> Diminui\u00e7\u00e3o no conhecimento e uso de palavras, especialmente vocabul\u00e1rio t\u00e9cnico e acad\u00eamico<\/li>\n\n\n\n<li><strong>Racioc\u00ednio Espacial:<\/strong> Menor capacidade de visualizar e manipular objetos tridimensionais mentalmente<\/li>\n<\/ul>\n\n\n\n<h2 class=\"wp-block-heading\" id=\"possiveis-causas-do-declinio\">Poss\u00edveis Causas do Decl\u00ednio<\/h2>\n\n\n\n<p><img decoding=\"async\" src=\"https:\/\/storage.googleapis.com\/workspace-0f70711f-8b4e-4d94-86f1-2a93ccde5887\/image\/ef76117e-2bc1-4c9c-b145-6640e21d80b3.png\" alt=\"Montagem visual mostrando fatores modernos que podem afetar a intelig\u00eancia: smartphones, fast food, polui\u00e7\u00e3o urbana, e crian\u00e7as assistindo televis\u00e3o\"><\/p>\n\n\n\n<h3 class=\"wp-block-heading\" id=\"1-mudancas-no-sistema-educacional\">1. Mudan\u00e7as no Sistema Educacional<\/h3>\n\n\n\n<p>Uma das explica\u00e7\u00f5es mais citadas para o decl\u00ednio do QI \u00e9 a deteriora\u00e7\u00e3o da qualidade educacional. Muitos sistemas educacionais t\u00eam se afastado do ensino rigoroso de habilidades fundamentais como matem\u00e1tica, ci\u00eancias e leitura cr\u00edtica, favorecendo m\u00e9todos pedag\u00f3gicos mais &#8220;progressivos&#8221; que podem n\u00e3o desenvolver adequadamente certas capacidades cognitivas.<\/p>\n\n\n\n<p><strong>Evid\u00eancia:<\/strong> Estudos mostram que pa\u00edses que mantiveram curr\u00edculos mais tradicionais e rigorosos, como Singapura e Coreia do Sul, continuam apresentando escores de QI est\u00e1veis ou crescentes, contrastando com a tend\u00eancia de decl\u00ednio observada em pa\u00edses ocidentais.<\/p>\n\n\n\n<h3 class=\"wp-block-heading\" id=\"2-impacto-da-tecnologia-digital\">2. Impacto da Tecnologia Digital<\/h3>\n\n\n\n<p>O uso extensivo de dispositivos digitais, especialmente entre jovens, pode estar alterando a forma como o c\u00e9rebro processa informa\u00e7\u00f5es. Pesquisadores argumentam que a depend\u00eancia de smartphones e computadores pode estar atrofiando certas habilidades cognitivas:<\/p>\n\n\n\n<ul class=\"wp-block-list\">\n<li><strong>Redu\u00e7\u00e3o da Capacidade de Concentra\u00e7\u00e3o:<\/strong> O uso constante de m\u00faltiplas telas fragmenta a aten\u00e7\u00e3o<\/li>\n\n\n\n<li><strong>Decl\u00ednio da Mem\u00f3ria:<\/strong> A disponibilidade imediata de informa\u00e7\u00e3o reduz a necessidade de memoriza\u00e7\u00e3o<\/li>\n\n\n\n<li><strong>Pensamento Superficial:<\/strong> A navega\u00e7\u00e3o r\u00e1pida pela internet pode desencorajar o pensamento profundo<\/li>\n<\/ul>\n\n\n\n<h3 class=\"wp-block-heading\" id=\"3-fatores-ambientais-e-de-saude\">3. Fatores Ambientais e de Sa\u00fade<\/h3>\n\n\n\n<p>V\u00e1rias mudan\u00e7as ambientais e de estilo de vida podem estar contribuindo para o decl\u00ednio cognitivo:<\/p>\n\n\n\n<h4 class=\"wp-block-heading\">Polui\u00e7\u00e3o Ambiental<\/h4>\n\n\n\n<p>A exposi\u00e7\u00e3o a poluentes do ar, especialmente part\u00edculas finas e produtos qu\u00edmicos industriais, tem sido associada a d\u00e9ficits cognitivos em crian\u00e7as e adultos.<\/p>\n\n\n\n<h4 class=\"wp-block-heading\">Mudan\u00e7as Diet\u00e9ticas<\/h4>\n\n\n\n<p>O aumento do consumo de alimentos processados e a redu\u00e7\u00e3o de nutrientes essenciais podem afetar o desenvolvimento e funcionamento cerebral.<\/p>\n\n\n\n<h3 class=\"wp-block-heading\" id=\"4-mudancas-demograficas\">4. Mudan\u00e7as Demogr\u00e1ficas<\/h3>\n\n\n\n<p>Altera\u00e7\u00f5es nos padr\u00f5es de fertilidade podem estar influenciando a intelig\u00eancia m\u00e9dia populacional. Estudos indicam que fam\u00edlias com maior escolaridade tendem a ter menos filhos, enquanto fam\u00edlias com menor escolaridade mant\u00eam taxas de fertilidade mais altas. Este fen\u00f4meno, conhecido como fertilidade diferencial, pode estar contribuindo para uma redu\u00e7\u00e3o gradual do QI m\u00e9dio populacional.<\/p>\n\n\n\n<h3 class=\"wp-block-heading\" id=\"5-efeitos-da-migracao-e-miscigenacao\">5. Efeitos da Migra\u00e7\u00e3o e Miscigena\u00e7\u00e3o<\/h3>\n\n\n\n<p>Alguns pesquisadores sugerem que mudan\u00e7as na composi\u00e7\u00e3o \u00e9tnica e cultural das popula\u00e7\u00f5es podem influenciar os escores m\u00e9dios de QI. No entanto, esta \u00e9 uma \u00e1rea extremamente controversa e sens\u00edvel, com debates acalorados sobre o papel da gen\u00e9tica versus fatores socioecon\u00f4micos na determina\u00e7\u00e3o da intelig\u00eancia.<\/p>\n\n\n\n<h2 class=\"wp-block-heading\" id=\"impactos-na-sociedade-contemporanea\">Impactos na Sociedade Contempor\u00e2nea<\/h2>\n\n\n\n<p><img decoding=\"async\" src=\"https:\/\/storage.googleapis.com\/workspace-0f70711f-8b4e-4d94-86f1-2a93ccde5887\/image\/65c5999f-9a89-44e5-b6fc-110905c99e7e.png\" alt=\"Sala de reuni\u00f5es corporativa com executivos tomando decis\u00f5es, representando os impactos do decl\u00ednio da intelig\u00eancia no ambiente de trabalho e economia\"><\/p>\n\n\n\n<h3 class=\"wp-block-heading\" id=\"consequencias-economicas\">Consequ\u00eancias Econ\u00f4micas<\/h3>\n\n\n\n<p>O decl\u00ednio do QI pode ter ramifica\u00e7\u00f5es econ\u00f4micas significativas. Estudos econom\u00e9tricos sugerem uma forte correla\u00e7\u00e3o entre intelig\u00eancia m\u00e9dia populacional e crescimento econ\u00f4mico. Uma popula\u00e7\u00e3o com menor capacidade cognitiva m\u00e9dia pode enfrentar:<\/p>\n\n\n\n<ul class=\"wp-block-list\">\n<li><strong>Redu\u00e7\u00e3o da Inova\u00e7\u00e3o:<\/strong> Menor capacidade de desenvolver novas tecnologias e solu\u00e7\u00f5es<\/li>\n\n\n\n<li><strong>Decl\u00ednio da Produtividade:<\/strong> Trabalhadores menos capazes de se adaptar a tarefas complexas<\/li>\n\n\n\n<li><strong>Competitividade Internacional:<\/strong> Desvantagem em mercados globais que valorizam conhecimento e tecnologia<\/li>\n<\/ul>\n\n\n\n<h3 class=\"wp-block-heading\" id=\"implicacoes-politicas-e-sociais\">Implica\u00e7\u00f5es Pol\u00edticas e Sociais<\/h3>\n\n\n\n<p>Uma sociedade com menor capacidade cognitiva m\u00e9dia pode enfrentar desafios na tomada de decis\u00f5es coletivas. Isso pode manifestar-se em:<\/p>\n\n\n\n<p><strong>Democracia e Participa\u00e7\u00e3o C\u00edvica:<\/strong> Cidad\u00e3os com menor capacidade de an\u00e1lise cr\u00edtica podem ser mais suscet\u00edveis a desinforma\u00e7\u00e3o e manipula\u00e7\u00e3o pol\u00edtica, comprometendo a qualidade do processo democr\u00e1tico.<\/p>\n\n\n\n<h3 class=\"wp-block-heading\" id=\"sistema-educacional-em-crise\">Sistema Educacional em Crise<\/h3>\n\n\n\n<p>O decl\u00ednio cognitivo cria um ciclo vicioso no sistema educacional. Professores formados em gera\u00e7\u00f5es com menor QI podem ter dificuldades para ensinar efetivamente, perpetuando o problema para futuras gera\u00e7\u00f5es. Al\u00e9m disso, curr\u00edculos podem ser &#8220;simplificados&#8221; para acomodar estudantes com menores capacidades, reduzindo ainda mais os padr\u00f5es educacionais.<\/p>\n\n\n\n<h3 class=\"wp-block-heading\" id=\"saude-publica-e-seguranca\">Sa\u00fade P\u00fablica e Seguran\u00e7a<\/h3>\n\n\n\n<p>Popula\u00e7\u00f5es com menor QI m\u00e9dio podem enfrentar maiores desafios em \u00e1reas como:<\/p>\n\n\n\n<ul class=\"wp-block-list\">\n<li>Compreens\u00e3o de informa\u00e7\u00f5es de sa\u00fade p\u00fablica<\/li>\n\n\n\n<li>Ades\u00e3o a tratamentos m\u00e9dicos complexos<\/li>\n\n\n\n<li>Tomada de decis\u00f5es de seguran\u00e7a pessoal e coletiva<\/li>\n<\/ul>\n\n\n\n<h2 class=\"wp-block-heading\" id=\"contrapontos-e-criticas-a-teoria-do-declinio\">Contrapontos e Cr\u00edticas \u00e0 Teoria do Decl\u00ednio<\/h2>\n\n\n\n<p><img decoding=\"async\" src=\"https:\/\/storage.googleapis.com\/workspace-0f70711f-8b4e-4d94-86f1-2a93ccde5887\/image\/798ff5ab-7780-4f3f-95a2-e23a99cd542c.png\" alt=\"Debate acad\u00eamico com pesquisadores discutindo dados estat\u00edsticos sobre intelig\u00eancia, representando a controv\u00e9rsia cient\u00edfica sobre o tema\"><\/p>\n\n\n\n<h3 class=\"wp-block-heading\" id=\"limitacoes-dos-testes-de-qi\">Limita\u00e7\u00f5es dos Testes de QI<\/h3>\n\n\n\n<p>Cr\u00edticos argumentam que os testes de QI tradicionais podem n\u00e3o capturar adequadamente todas as formas de intelig\u00eancia relevantes na sociedade moderna. Alguns pontos importantes incluem:<\/p>\n\n\n\n<p><strong>Intelig\u00eancias M\u00faltiplas:<\/strong> Howard Gardner e outros psic\u00f3logos argumentam que a intelig\u00eancia \u00e9 multifacetada, incluindo intelig\u00eancias musical, interpessoal, intrapessoal e outras n\u00e3o medidas por testes tradicionais de QI.<\/p>\n\n\n\n<h3 class=\"wp-block-heading\" id=\"evolucao-das-habilidades-cognitivas\">Evolu\u00e7\u00e3o das Habilidades Cognitivas<\/h3>\n\n\n\n<p>Alguns pesquisadores sugerem que, em vez de um decl\u00ednio geral, estamos testemunhando uma redistribui\u00e7\u00e3o das habilidades cognitivas. As gera\u00e7\u00f5es mais novas podem estar desenvolvendo novas compet\u00eancias digitais e de processamento de informa\u00e7\u00e3o que n\u00e3o s\u00e3o adequadamente capturadas por testes tradicionais.<\/p>\n\n\n\n<h3 class=\"wp-block-heading\" id=\"fatores-metodologicos\">Fatores Metodol\u00f3gicos<\/h3>\n\n\n\n<p>V\u00e1rias cr\u00edticas metodol\u00f3gicas foram levantadas sobre os estudos que documentam o decl\u00ednio do QI:<\/p>\n\n\n\n<ul class=\"wp-block-list\">\n<li><strong>Sele\u00e7\u00e3o de Amostra:<\/strong> Alguns estudos podem ter vieses de sele\u00e7\u00e3o que n\u00e3o representam adequadamente a popula\u00e7\u00e3o geral<\/li>\n\n\n\n<li><strong>Efeitos de Coorte:<\/strong> Diferen\u00e7as entre gera\u00e7\u00f5es podem refletir mudan\u00e7as sociais tempor\u00e1rias em vez de decl\u00ednio permanente<\/li>\n\n\n\n<li><strong>Mudan\u00e7as nos Testes:<\/strong> Altera\u00e7\u00f5es nos instrumentos de medi\u00e7\u00e3o podem explicar parte das diferen\u00e7as observadas<\/li>\n<\/ul>\n\n\n\n<h3 class=\"wp-block-heading\" id=\"evidencias-contraditorias\">Evid\u00eancias Contradit\u00f3rias<\/h3>\n\n\n\n<p>Nem todos os estudos confirmam o decl\u00ednio do QI. Pesquisas em alguns pa\u00edses asi\u00e1ticos, por exemplo, continuam mostrando escores est\u00e1veis ou crescentes. Al\u00e9m disso, medidas de criatividade e resolu\u00e7\u00e3o de problemas pr\u00e1ticos podem n\u00e3o estar diminuindo na mesma propor\u00e7\u00e3o que os escores tradicionais de QI.<\/p>\n\n\n\n<h2 class=\"wp-block-heading\" id=\"possiveis-solucoes-e-perspectivas-futuras\">Poss\u00edveis Solu\u00e7\u00f5es e Perspectivas Futuras<\/h2>\n\n\n\n<p><img decoding=\"async\" src=\"https:\/\/storage.googleapis.com\/workspace-0f70711f-8b4e-4d94-86f1-2a93ccde5887\/image\/f23db808-26a8-46f8-a701-0689981e70b5.png\" alt=\"Sala de aula futurista com tecnologia educacional avan\u00e7ada, crian\u00e7as engajadas em atividades de aprendizado inovadoras e professores usando m\u00e9todos interativos\"><\/p>\n\n\n\n<h3 class=\"wp-block-heading\" id=\"reforma-educacional\">Reforma Educacional<\/h3>\n\n\n\n<p>Se o decl\u00ednio do QI \u00e9 real, reformas educacionais abrangentes podem ser necess\u00e1rias:<\/p>\n\n\n\n<h4 class=\"wp-block-heading\">Retorno ao Ensino Fundamental<\/h4>\n\n\n\n<p>\u00canfase renovada em matem\u00e1tica, ci\u00eancias, leitura e escrita, com padr\u00f5es rigorosos e avalia\u00e7\u00e3o sistem\u00e1tica.<\/p>\n\n\n\n<h4 class=\"wp-block-heading\">Desenvolvimento do Pensamento Cr\u00edtico<\/h4>\n\n\n\n<p>Curr\u00edculos que enfatizam an\u00e1lise, s\u00edntese e avalia\u00e7\u00e3o de informa\u00e7\u00f5es complexas.<\/p>\n\n\n\n<h3 class=\"wp-block-heading\" id=\"uso-consciente-da-tecnologia\">Uso Consciente da Tecnologia<\/h3>\n\n\n\n<p>Em vez de evitar completamente a tecnologia digital, \u00e9 importante desenvolver estrat\u00e9gias para seu uso consciente:<\/p>\n\n\n\n<ul class=\"wp-block-list\">\n<li><strong>Educa\u00e7\u00e3o Digital:<\/strong> Ensinar habilidades de an\u00e1lise cr\u00edtica de informa\u00e7\u00e3o online<\/li>\n\n\n\n<li><strong>Limites de Tela:<\/strong> Estabelecer per\u00edodos livres de dispositivos para desenvolvimento cognitivo<\/li>\n\n\n\n<li><strong>Tecnologia como Ferramenta:<\/strong> Usar tecnologia para apoiar, n\u00e3o substituir, o pensamento cr\u00edtico<\/li>\n<\/ul>\n\n\n\n<h3 class=\"wp-block-heading\" id=\"intervencoes-de-saude-publica\">Interven\u00e7\u00f5es de Sa\u00fade P\u00fablica<\/h3>\n\n\n\n<p>Abordar fatores ambientais e de sa\u00fade que podem estar contribuindo para o decl\u00ednio cognitivo:<\/p>\n\n\n\n<p><strong>Prioridades de Sa\u00fade P\u00fablica:<\/strong> Redu\u00e7\u00e3o da polui\u00e7\u00e3o do ar, melhoria da nutri\u00e7\u00e3o infantil, promo\u00e7\u00e3o de atividade f\u00edsica e sono adequado podem ter impactos positivos no desenvolvimento cognitivo.<\/p>\n\n\n\n<h3 class=\"wp-block-heading\" id=\"pesquisa-continuada\">Pesquisa Continuada<\/h3>\n\n\n\n<p>\u00c9 crucial continuar investindo em pesquisa para melhor compreender:<\/p>\n\n\n\n<ul class=\"wp-block-list\">\n<li>Mecanismos espec\u00edficos do decl\u00ednio cognitivo<\/li>\n\n\n\n<li>Efic\u00e1cia de diferentes interven\u00e7\u00f5es<\/li>\n\n\n\n<li>Desenvolvimento de medidas mais abrangentes de intelig\u00eancia<\/li>\n<\/ul>\n\n\n\n<h2 class=\"wp-block-heading\" id=\"conclusao-um-chamado-a-acao\">Conclus\u00e3o: Um Chamado \u00e0 A\u00e7\u00e3o<\/h2>\n\n\n\n<p>A evid\u00eancia para o decl\u00ednio do QI nas gera\u00e7\u00f5es recentes \u00e9 substancial e n\u00e3o pode ser ignorada. Embora haja debates leg\u00edtimos sobre metodologia e interpreta\u00e7\u00e3o, o padr\u00e3o consistente observado em m\u00faltiplos pa\u00edses desenvolvidos sugere que enfrentamos um desafio real e significativo.<\/p>\n\n\n\n<p>Este n\u00e3o \u00e9 um problema que pode ser resolvido rapidamente ou com solu\u00e7\u00f5es simples. Requer uma abordagem multifacetada que inclua reforma educacional, mudan\u00e7as de estilo de vida, interven\u00e7\u00f5es de sa\u00fade p\u00fablica e uma reconsidera\u00e7\u00e3o de como nossa sociedade valoriza e cultiva a intelig\u00eancia.<\/p>\n\n\n\n<p>Mais importante ainda, precisamos reconhecer que a intelig\u00eancia n\u00e3o \u00e9 um destino fixo. Embora possam existir fatores gen\u00e9ticos, uma grande parte do potencial cognitivo \u00e9 moldada pelo ambiente, educa\u00e7\u00e3o e experi\u00eancias. Isso significa que temos o poder de reverter essas tend\u00eancias negativas se agirmos de forma decisiva e coordenada.<\/p>\n\n\n\n<p>O futuro da intelig\u00eancia humana n\u00e3o est\u00e1 selado. Com consci\u00eancia, pesquisa continuada e a\u00e7\u00e3o direcionada, podemos trabalhar para criar condi\u00e7\u00f5es que permitam \u00e0s futuras gera\u00e7\u00f5es alcan\u00e7ar seu pleno potencial cognitivo. A quest\u00e3o n\u00e3o \u00e9 se podemos reverter o decl\u00ednio, mas se teremos a vontade coletiva de fazer o que \u00e9 necess\u00e1rio.<\/p>\n\n\n\n<h2 class=\"wp-block-heading\" id=\"referencias-e-leituras-adicionais\">Refer\u00eancias e Leituras Adicionais<\/h2>\n\n\n\n<ol class=\"wp-block-list\">\n<li>Bratsberg, B., &amp; Rogeberg, O. (2018). Flynn effect and its reversal are both environmentally caused. Proceedings of the National Academy of Sciences, 115(26), 6674-6678.<\/li>\n\n\n\n<li>Dutton, E., van der Linden, D., &amp; Lynn, R. (2016). The negative Flynn Effect: A systematic literature review. Intelligence, 59, 163-169.<\/li>\n\n\n\n<li>Flynn, J. R. (2012). Are we getting smarter?: Rising IQ in the twenty-first century. Cambridge University Press.<\/li>\n\n\n\n<li>Teasdale, T. W., &amp; Owen, D. R. (2008). Secular declines in cognitive test scores: A reversal of the Flynn effect. Intelligence, 36(2), 121-126.<\/li>\n\n\n\n<li>Woodley, M. A., te Nijenhuis, J., &amp; Murphy, R. (2013). Were the Victorians cleverer than us? The decline in general intelligence estimated from a meta-analysis of the slowing of simple reaction time. Intelligence, 41(6), 843-850.<\/li>\n<\/ol>\n\n\n\n<h3 class=\"wp-block-heading\" id=\"continue-a-discussao\">Continue a Discuss\u00e3o<\/h3>\n\n\n\n<p>O que voc\u00ea pensa sobre este tema? Compartilhe suas reflex\u00f5es e experi\u00eancias nos coment\u00e1rios abaixo.<\/p>\n\n\n\n<p>\u00a9 2025 &#8211; Artigo cient\u00edfico sobre decl\u00ednio do QI geracional. Todos os direitos reservados.<\/p>\n\n\n\n<p>Baseado em pesquisas cient\u00edficas e evid\u00eancias emp\u00edricas atuais.<\/p>\n\n\n\n<p>Leia tamb\u00e9m: <a href=\"https:\/\/blog.estudoverso.com.br\/beneficios-da-leitura-para-o-cerebro\/\">Benef\u00edcios da Leitura para o C\u00e9rebro: Como Fortalecer a Mente P\u00e1gina por P\u00e1gina<\/a><\/p>\n","protected":false},"excerpt":{"rendered":"<p>Uma an\u00e1lise cient\u00edfica sobre a controversa quest\u00e3o do decl\u00ednio do QI nas gera\u00e7\u00f5es recentes \ud83d\udcc5 Publicado em 2025\u23f1\ufe0f Tempo de leitura: 12 min\ud83d\udd2c Baseado em evid\u00eancias cient\u00edficas Introdu\u00e7\u00e3o: Um Fen\u00f4meno Preocupante Nos \u00faltimos anos, estudos cient\u00edficos t\u00eam revelado uma tend\u00eancia alarmante: o QI m\u00e9dio da popula\u00e7\u00e3o mundial parece estar diminuindo. Este fen\u00f4meno, conhecido como &#8220;Efeito<\/p>\n","protected":false},"author":1,"featured_media":3450,"comment_status":"open","ping_status":"open","sticky":false,"template":"","format":"standard","meta":{"footnotes":""},"categories":[31,33],"tags":[47,78,36,80,62,79],"class_list":{"0":"post-3449","1":"post","2":"type-post","3":"status-publish","4":"format-standard","5":"has-post-thumbnail","7":"category-ciencia-tecnologia","8":"category-destaque","9":"tag-ciencia","10":"tag-ciencia-e-desenvolvimento","11":"tag-educacao","12":"tag-o-declinio-do-qi","13":"tag-sociedade","14":"tag-sociedade-e-cidadania"},"_links":{"self":[{"href":"https:\/\/estudoverso.com.br\/blog\/wp-json\/wp\/v2\/posts\/3449","targetHints":{"allow":["GET"]}}],"collection":[{"href":"https:\/\/estudoverso.com.br\/blog\/wp-json\/wp\/v2\/posts"}],"about":[{"href":"https:\/\/estudoverso.com.br\/blog\/wp-json\/wp\/v2\/types\/post"}],"author":[{"embeddable":true,"href":"https:\/\/estudoverso.com.br\/blog\/wp-json\/wp\/v2\/users\/1"}],"replies":[{"embeddable":true,"href":"https:\/\/estudoverso.com.br\/blog\/wp-json\/wp\/v2\/comments?post=3449"}],"version-history":[{"count":2,"href":"https:\/\/estudoverso.com.br\/blog\/wp-json\/wp\/v2\/posts\/3449\/revisions"}],"predecessor-version":[{"id":3459,"href":"https:\/\/estudoverso.com.br\/blog\/wp-json\/wp\/v2\/posts\/3449\/revisions\/3459"}],"wp:featuredmedia":[{"embeddable":true,"href":"https:\/\/estudoverso.com.br\/blog\/wp-json\/wp\/v2\/media\/3450"}],"wp:attachment":[{"href":"https:\/\/estudoverso.com.br\/blog\/wp-json\/wp\/v2\/media?parent=3449"}],"wp:term":[{"taxonomy":"category","embeddable":true,"href":"https:\/\/estudoverso.com.br\/blog\/wp-json\/wp\/v2\/categories?post=3449"},{"taxonomy":"post_tag","embeddable":true,"href":"https:\/\/estudoverso.com.br\/blog\/wp-json\/wp\/v2\/tags?post=3449"}],"curies":[{"name":"wp","href":"https:\/\/api.w.org\/{rel}","templated":true}]}}